{"id":2041,"date":"2025-09-19T08:31:35","date_gmt":"2025-09-19T08:31:35","guid":{"rendered":"https:\/\/www.unilim.fr\/labex_sigmalim\/?p=2041"},"modified":"2025-09-19T08:31:35","modified_gmt":"2025-09-19T08:31:35","slug":"%e2%88%91-lim-welcomes-the-eur-tactic-class-of-2025-2026","status":"publish","type":"post","link":"https:\/\/www.unilim.fr\/labex_sigmalim\/2025\/09\/19\/%e2%88%91-lim-welcomes-the-eur-tactic-class-of-2025-2026\/?lang=en","title":{"rendered":"\u2211-LIM welcomes the EUR TACTIC class of 2025-2026"},"content":{"rendered":"<p>On September 18, 2025, at the start of the academic year for the 30 students of EUR TACTIC (Ceramics &amp; ICT Graduate School), Fr\u00e9d\u00e9ric Dumas-Bouchiat presented the LABEX \u2211-LIM program. For this presentation, he was accompanied by two former EUR program students, Manon Gireau and Oihan Allegret, who spent 45 minutes sharing their rich experience with the Master 1 Research students. They answered their questions and gave concrete examples of career paths within EUR TACTIC and LABEX \u2211-LIM.<\/p>\n<p>EUR TACTIC is a graduate school that benefits from a research and training ecosystem unique in Europe in the fields of advanced ceramics and Information and Communication Technologies, working in close collaboration with LABEX \u2211-LIM. It aims to train students to contribute to the development of materials and ICT in fields with strong industrial and societal potential: 5G, additive manufacturing, energy and sustainable development, data security and privacy protection, photonics, connected objects, 3D imaging, health diagnostics, and advanced therapies.<\/p>\n<p>We wish this new class two fruitful years of study, confident that it will produce future doctoral students who will actively contribute to the reputation of LABEX \u2211-LIM and the success of the IRCER and XLIM laboratories, and beyond!<\/p>\n","protected":false},"excerpt":{"rendered":"<p>On September 18, 2025, at the start of the academic year for the 30 students of EUR TACTIC (Ceramics &amp; ICT Graduate School), Fr\u00e9d\u00e9ric Dumas-Bouchiat presented the LABEX \u2211-LIM program. For this presentation, he was accompanied by two former EUR program students, Manon Gireau and Oihan Allegret, who spent 45 minutes sharing their rich experience [&hellip;]<\/p>\n","protected":false},"author":251,"featured_media":2039,"comment_status":"closed","ping_status":"closed","sticky":false,"template":"","format":"standard","meta":{"footnotes":""},"categories":[16],"tags":[],"class_list":["post-2041","post","type-post","status-publish","format-standard","has-post-thumbnail","hentry","category-uncategorized"],"yoast_head":"<!-- This site is optimized with the Yoast SEO plugin v26.5 - https:\/\/yoast.com\/wordpress\/plugins\/seo\/ -->\n<title>\u2211-LIM welcomes the EUR TACTIC class of 2025-2026 - Laboratoire d&#039;Excellence \u2211-LIM<\/title>\n<meta name=\"robots\" content=\"index, follow, max-snippet:-1, max-image-preview:large, max-video-preview:-1\" \/>\n<link rel=\"canonical\" href=\"https:\/\/www.unilim.fr\/labex_sigmalim\/2025\/09\/19\/\u2211-lim-welcomes-the-eur-tactic-class-of-2025-2026\/?lang=en\" \/>\n<meta property=\"og:locale\" content=\"fr_FR\" \/>\n<meta property=\"og:type\" content=\"article\" \/>\n<meta property=\"og:title\" content=\"\u2211-LIM welcomes the EUR TACTIC class of 2025-2026 - Laboratoire d&#039;Excellence \u2211-LIM\" \/>\n<meta property=\"og:description\" content=\"On September 18, 2025, at the start of the academic year for the 30 students of EUR TACTIC (Ceramics &amp; ICT Graduate School), Fr\u00e9d\u00e9ric Dumas-Bouchiat presented the LABEX \u2211-LIM program. For this presentation, he was accompanied by two former EUR program students, Manon Gireau and Oihan Allegret, who spent 45 minutes sharing their rich experience [&hellip;]\" \/>\n<meta property=\"og:url\" content=\"https:\/\/www.unilim.fr\/labex_sigmalim\/2025\/09\/19\/\u2211-lim-welcomes-the-eur-tactic-class-of-2025-2026\/?lang=en\" \/>\n<meta property=\"og:site_name\" content=\"Laboratoire d&#039;Excellence \u2211-LIM\" \/>\n<meta property=\"article:published_time\" content=\"2025-09-19T08:31:35+00:00\" \/>\n<meta property=\"og:image\" content=\"https:\/\/www.unilim.fr\/labex_sigmalim\/wp-content\/uploads\/sites\/8\/2025\/09\/IMG_5639.jpg\" \/>\n\t<meta property=\"og:image:width\" content=\"2560\" \/>\n\t<meta property=\"og:image:height\" content=\"2183\" \/>\n\t<meta property=\"og:image:type\" content=\"image\/jpeg\" \/>\n<meta name=\"author\" content=\"guyotp07@unilim.fr\" \/>\n<meta name=\"twitter:card\" content=\"summary_large_image\" \/>\n<meta name=\"twitter:label1\" content=\"\u00c9crit par\" \/>\n\t<meta name=\"twitter:data1\" content=\"guyotp07@unilim.fr\" \/>\n\t<meta name=\"twitter:label2\" content=\"Dur\u00e9e de lecture estim\u00e9e\" \/>\n\t<meta name=\"twitter:data2\" content=\"2 minutes\" \/>\n<script type=\"application\/ld+json\" class=\"yoast-schema-graph\">{\"@context\":\"https:\/\/schema.org\",\"@graph\":[{\"@type\":\"WebPage\",\"@id\":\"https:\/\/www.unilim.fr\/labex_sigmalim\/2025\/09\/19\/%e2%88%91-lim-welcomes-the-eur-tactic-class-of-2025-2026\/?lang=en\",\"url\":\"https:\/\/www.unilim.fr\/labex_sigmalim\/2025\/09\/19\/%e2%88%91-lim-welcomes-the-eur-tactic-class-of-2025-2026\/?lang=en\",\"name\":\"\u2211-LIM welcomes the EUR TACTIC class of 2025-2026 - Laboratoire d&#039;Excellence \u2211-LIM\",\"isPartOf\":{\"@id\":\"https:\/\/www.unilim.fr\/labex_sigmalim\/#website\"},\"primaryImageOfPage\":{\"@id\":\"https:\/\/www.unilim.fr\/labex_sigmalim\/2025\/09\/19\/%e2%88%91-lim-welcomes-the-eur-tactic-class-of-2025-2026\/?lang=en#primaryimage\"},\"image\":{\"@id\":\"https:\/\/www.unilim.fr\/labex_sigmalim\/2025\/09\/19\/%e2%88%91-lim-welcomes-the-eur-tactic-class-of-2025-2026\/?lang=en#primaryimage\"},\"thumbnailUrl\":\"https:\/\/www.unilim.fr\/labex_sigmalim\/wp-content\/uploads\/sites\/8\/2025\/09\/IMG_5639.jpg\",\"datePublished\":\"2025-09-19T08:31:35+00:00\",\"author\":{\"@id\":\"https:\/\/www.unilim.fr\/labex_sigmalim\/#\/schema\/person\/90c0ef5253e3a0a24a46b0573d9b5040\"},\"breadcrumb\":{\"@id\":\"https:\/\/www.unilim.fr\/labex_sigmalim\/2025\/09\/19\/%e2%88%91-lim-welcomes-the-eur-tactic-class-of-2025-2026\/?lang=en#breadcrumb\"},\"inLanguage\":\"fr-FR\",\"potentialAction\":[{\"@type\":\"ReadAction\",\"target\":[\"https:\/\/www.unilim.fr\/labex_sigmalim\/2025\/09\/19\/%e2%88%91-lim-welcomes-the-eur-tactic-class-of-2025-2026\/?lang=en\"]}]},{\"@type\":\"ImageObject\",\"inLanguage\":\"fr-FR\",\"@id\":\"https:\/\/www.unilim.fr\/labex_sigmalim\/2025\/09\/19\/%e2%88%91-lim-welcomes-the-eur-tactic-class-of-2025-2026\/?lang=en#primaryimage\",\"url\":\"https:\/\/www.unilim.fr\/labex_sigmalim\/wp-content\/uploads\/sites\/8\/2025\/09\/IMG_5639.jpg\",\"contentUrl\":\"https:\/\/www.unilim.fr\/labex_sigmalim\/wp-content\/uploads\/sites\/8\/2025\/09\/IMG_5639.jpg\",\"width\":2560,\"height\":2183},{\"@type\":\"BreadcrumbList\",\"@id\":\"https:\/\/www.unilim.fr\/labex_sigmalim\/2025\/09\/19\/%e2%88%91-lim-welcomes-the-eur-tactic-class-of-2025-2026\/?lang=en#breadcrumb\",\"itemListElement\":[{\"@type\":\"ListItem\",\"position\":1,\"name\":\"Accueil\",\"item\":\"https:\/\/www.unilim.fr\/labex_sigmalim\/\"},{\"@type\":\"ListItem\",\"position\":2,\"name\":\"\u2211-LIM welcomes the EUR TACTIC class of 2025-2026\"}]},{\"@type\":\"WebSite\",\"@id\":\"https:\/\/www.unilim.fr\/labex_sigmalim\/#website\",\"url\":\"https:\/\/www.unilim.fr\/labex_sigmalim\/\",\"name\":\"Laboratoire d&#039;Excellence \u2211-LIM\",\"description\":\"Des mat\u00e9riaux et composants c\u00e9ramiques sp\u00e9cifiques aux syst\u00e8mes communicants int\u00e9gr\u00e9s, s\u00e9curis\u00e9s, et intelligents \",\"potentialAction\":[{\"@type\":\"SearchAction\",\"target\":{\"@type\":\"EntryPoint\",\"urlTemplate\":\"https:\/\/www.unilim.fr\/labex_sigmalim\/?s={search_term_string}\"},\"query-input\":{\"@type\":\"PropertyValueSpecification\",\"valueRequired\":true,\"valueName\":\"search_term_string\"}}],\"inLanguage\":\"fr-FR\"},{\"@type\":\"Person\",\"@id\":\"https:\/\/www.unilim.fr\/labex_sigmalim\/#\/schema\/person\/90c0ef5253e3a0a24a46b0573d9b5040\",\"name\":\"guyotp07@unilim.fr\",\"image\":{\"@type\":\"ImageObject\",\"inLanguage\":\"fr-FR\",\"@id\":\"https:\/\/www.unilim.fr\/labex_sigmalim\/#\/schema\/person\/image\/\",\"url\":\"https:\/\/secure.gravatar.com\/avatar\/ac4d3557e3ad9f6b1d4f95763fd7c41147b73f0617f6f266c1dc3c1caca53f4e?s=96&d=mm&r=g\",\"contentUrl\":\"https:\/\/secure.gravatar.com\/avatar\/ac4d3557e3ad9f6b1d4f95763fd7c41147b73f0617f6f266c1dc3c1caca53f4e?s=96&d=mm&r=g\",\"caption\":\"guyotp07@unilim.fr\"},\"url\":\"https:\/\/www.unilim.fr\/labex_sigmalim\/author\/guyotp07unilim-fr\/\"}]}<\/script>\n<!-- \/ Yoast SEO plugin. -->","yoast_head_json":{"title":"\u2211-LIM welcomes the EUR TACTIC class of 2025-2026 - Laboratoire d&#039;Excellence \u2211-LIM","robots":{"index":"index","follow":"follow","max-snippet":"max-snippet:-1","max-image-preview":"max-image-preview:large","max-video-preview":"max-video-preview:-1"},"canonical":"https:\/\/www.unilim.fr\/labex_sigmalim\/2025\/09\/19\/\u2211-lim-welcomes-the-eur-tactic-class-of-2025-2026\/?lang=en","og_locale":"fr_FR","og_type":"article","og_title":"\u2211-LIM welcomes the EUR TACTIC class of 2025-2026 - Laboratoire d&#039;Excellence \u2211-LIM","og_description":"On September 18, 2025, at the start of the academic year for the 30 students of EUR TACTIC (Ceramics &amp; ICT Graduate School), Fr\u00e9d\u00e9ric Dumas-Bouchiat presented the LABEX \u2211-LIM program. For this presentation, he was accompanied by two former EUR program students, Manon Gireau and Oihan Allegret, who spent 45 minutes sharing their rich experience [&hellip;]","og_url":"https:\/\/www.unilim.fr\/labex_sigmalim\/2025\/09\/19\/\u2211-lim-welcomes-the-eur-tactic-class-of-2025-2026\/?lang=en","og_site_name":"Laboratoire d&#039;Excellence \u2211-LIM","article_published_time":"2025-09-19T08:31:35+00:00","og_image":[{"width":2560,"height":2183,"url":"https:\/\/www.unilim.fr\/labex_sigmalim\/wp-content\/uploads\/sites\/8\/2025\/09\/IMG_5639.jpg","type":"image\/jpeg"}],"author":"guyotp07@unilim.fr","twitter_card":"summary_large_image","twitter_misc":{"\u00c9crit par":"guyotp07@unilim.fr","Dur\u00e9e de lecture estim\u00e9e":"2 minutes"},"schema":{"@context":"https:\/\/schema.org","@graph":[{"@type":"WebPage","@id":"https:\/\/www.unilim.fr\/labex_sigmalim\/2025\/09\/19\/%e2%88%91-lim-welcomes-the-eur-tactic-class-of-2025-2026\/?lang=en","url":"https:\/\/www.unilim.fr\/labex_sigmalim\/2025\/09\/19\/%e2%88%91-lim-welcomes-the-eur-tactic-class-of-2025-2026\/?lang=en","name":"\u2211-LIM welcomes the EUR TACTIC class of 2025-2026 - Laboratoire d&#039;Excellence \u2211-LIM","isPartOf":{"@id":"https:\/\/www.unilim.fr\/labex_sigmalim\/#website"},"primaryImageOfPage":{"@id":"https:\/\/www.unilim.fr\/labex_sigmalim\/2025\/09\/19\/%e2%88%91-lim-welcomes-the-eur-tactic-class-of-2025-2026\/?lang=en#primaryimage"},"image":{"@id":"https:\/\/www.unilim.fr\/labex_sigmalim\/2025\/09\/19\/%e2%88%91-lim-welcomes-the-eur-tactic-class-of-2025-2026\/?lang=en#primaryimage"},"thumbnailUrl":"https:\/\/www.unilim.fr\/labex_sigmalim\/wp-content\/uploads\/sites\/8\/2025\/09\/IMG_5639.jpg","datePublished":"2025-09-19T08:31:35+00:00","author":{"@id":"https:\/\/www.unilim.fr\/labex_sigmalim\/#\/schema\/person\/90c0ef5253e3a0a24a46b0573d9b5040"},"breadcrumb":{"@id":"https:\/\/www.unilim.fr\/labex_sigmalim\/2025\/09\/19\/%e2%88%91-lim-welcomes-the-eur-tactic-class-of-2025-2026\/?lang=en#breadcrumb"},"inLanguage":"fr-FR","potentialAction":[{"@type":"ReadAction","target":["https:\/\/www.unilim.fr\/labex_sigmalim\/2025\/09\/19\/%e2%88%91-lim-welcomes-the-eur-tactic-class-of-2025-2026\/?lang=en"]}]},{"@type":"ImageObject","inLanguage":"fr-FR","@id":"https:\/\/www.unilim.fr\/labex_sigmalim\/2025\/09\/19\/%e2%88%91-lim-welcomes-the-eur-tactic-class-of-2025-2026\/?lang=en#primaryimage","url":"https:\/\/www.unilim.fr\/labex_sigmalim\/wp-content\/uploads\/sites\/8\/2025\/09\/IMG_5639.jpg","contentUrl":"https:\/\/www.unilim.fr\/labex_sigmalim\/wp-content\/uploads\/sites\/8\/2025\/09\/IMG_5639.jpg","width":2560,"height":2183},{"@type":"BreadcrumbList","@id":"https:\/\/www.unilim.fr\/labex_sigmalim\/2025\/09\/19\/%e2%88%91-lim-welcomes-the-eur-tactic-class-of-2025-2026\/?lang=en#breadcrumb","itemListElement":[{"@type":"ListItem","position":1,"name":"Accueil","item":"https:\/\/www.unilim.fr\/labex_sigmalim\/"},{"@type":"ListItem","position":2,"name":"\u2211-LIM welcomes the EUR TACTIC class of 2025-2026"}]},{"@type":"WebSite","@id":"https:\/\/www.unilim.fr\/labex_sigmalim\/#website","url":"https:\/\/www.unilim.fr\/labex_sigmalim\/","name":"Laboratoire d&#039;Excellence \u2211-LIM","description":"Des mat\u00e9riaux et composants c\u00e9ramiques sp\u00e9cifiques aux syst\u00e8mes communicants int\u00e9gr\u00e9s, s\u00e9curis\u00e9s, et intelligents ","potentialAction":[{"@type":"SearchAction","target":{"@type":"EntryPoint","urlTemplate":"https:\/\/www.unilim.fr\/labex_sigmalim\/?s={search_term_string}"},"query-input":{"@type":"PropertyValueSpecification","valueRequired":true,"valueName":"search_term_string"}}],"inLanguage":"fr-FR"},{"@type":"Person","@id":"https:\/\/www.unilim.fr\/labex_sigmalim\/#\/schema\/person\/90c0ef5253e3a0a24a46b0573d9b5040","name":"guyotp07@unilim.fr","image":{"@type":"ImageObject","inLanguage":"fr-FR","@id":"https:\/\/www.unilim.fr\/labex_sigmalim\/#\/schema\/person\/image\/","url":"https:\/\/secure.gravatar.com\/avatar\/ac4d3557e3ad9f6b1d4f95763fd7c41147b73f0617f6f266c1dc3c1caca53f4e?s=96&d=mm&r=g","contentUrl":"https:\/\/secure.gravatar.com\/avatar\/ac4d3557e3ad9f6b1d4f95763fd7c41147b73f0617f6f266c1dc3c1caca53f4e?s=96&d=mm&r=g","caption":"guyotp07@unilim.fr"},"url":"https:\/\/www.unilim.fr\/labex_sigmalim\/author\/guyotp07unilim-fr\/"}]}},"_links":{"self":[{"href":"https:\/\/www.unilim.fr\/labex_sigmalim\/wp-json\/wp\/v2\/posts\/2041","targetHints":{"allow":["GET"]}}],"collection":[{"href":"https:\/\/www.unilim.fr\/labex_sigmalim\/wp-json\/wp\/v2\/posts"}],"about":[{"href":"https:\/\/www.unilim.fr\/labex_sigmalim\/wp-json\/wp\/v2\/types\/post"}],"author":[{"embeddable":true,"href":"https:\/\/www.unilim.fr\/labex_sigmalim\/wp-json\/wp\/v2\/users\/251"}],"replies":[{"embeddable":true,"href":"https:\/\/www.unilim.fr\/labex_sigmalim\/wp-json\/wp\/v2\/comments?post=2041"}],"version-history":[{"count":1,"href":"https:\/\/www.unilim.fr\/labex_sigmalim\/wp-json\/wp\/v2\/posts\/2041\/revisions"}],"predecessor-version":[{"id":2042,"href":"https:\/\/www.unilim.fr\/labex_sigmalim\/wp-json\/wp\/v2\/posts\/2041\/revisions\/2042"}],"wp:featuredmedia":[{"embeddable":true,"href":"https:\/\/www.unilim.fr\/labex_sigmalim\/wp-json\/wp\/v2\/media\/2039"}],"wp:attachment":[{"href":"https:\/\/www.unilim.fr\/labex_sigmalim\/wp-json\/wp\/v2\/media?parent=2041"}],"wp:term":[{"taxonomy":"category","embeddable":true,"href":"https:\/\/www.unilim.fr\/labex_sigmalim\/wp-json\/wp\/v2\/categories?post=2041"},{"taxonomy":"post_tag","embeddable":true,"href":"https:\/\/www.unilim.fr\/labex_sigmalim\/wp-json\/wp\/v2\/tags?post=2041"}],"curies":[{"name":"wp","href":"https:\/\/api.w.org\/{rel}","templated":true}]}}