{"id":15217,"date":"2026-04-26T15:31:49","date_gmt":"2026-04-26T13:31:49","guid":{"rendered":"https:\/\/www.unilim.fr\/culture\/?p=15217"},"modified":"2026-04-26T15:31:49","modified_gmt":"2026-04-26T13:31:49","slug":"natacha-kudritskaya-en-concert","status":"publish","type":"post","link":"https:\/\/www.unilim.fr\/culture\/2026\/04\/26\/natacha-kudritskaya-en-concert\/","title":{"rendered":"NATACHA KUDRITSKAYA EN CONCERT"},"content":{"rendered":"<p><strong>Mardi 5 mai 2026 \u00e0 20h\u00a0 \u00a0 \u00a0Tarifs Passeport culturel -10% \u2013 Etudiants 15 euros<\/strong><br \/>\nCCM J.Gagnant<\/p>\n<p><b>Un concert o\u00f9 l\u2019image et le son se rencontrent.<\/b><\/p>\n<p><b>Et si un concert devenait un voyage ?<\/b><\/p>\n<p>La pianiste Natacha Kudritskaya nous invite dans un monde o\u00f9 Couperin rencontre th\u00e9\u00e2tre d\u2019ombres, vid\u00e9o et po\u00e9sie visuelle. Form\u00e9e \u00e0 Kyiv puis au Conservatoire de Paris, amoureuse de la musique fran\u00e7aise, elle enregistre un disque Rameau salu\u00e9 pour sa finesse et poursuit avec un nouvel album d\u00e9di\u00e9 \u00e0 Couperin.<\/p>\n<p>Pour ce projet, chaque pi\u00e8ce devient une histoire : les titres \u00e9vocateurs de Couperin prennent vie gr\u00e2ce aux ombres de Leslie Laugero. Une lampe torche, des plantes s\u00e9ch\u00e9es\u2026 et surgissent r\u00eaves, souvenirs, enfance.<\/p>\n<p>Le spectacle questionne migrations, racines et identit\u00e9 : pourquoi les oiseaux \u2014 et les humains \u2014 migrent-ils ? Peut-on fuir sans se perdre ?<\/p>\n<p>Port\u00e9e par les vid\u00e9os de\u00a0<strong>Benoit Lahoz<\/strong>, cette cr\u00e9ation devient une exp\u00e9rience immersive, sensible et po\u00e9tique, pour tous les \u00e2ges.<\/p>\n<p>Un concert qui s\u2019\u00e9coute autant qu\u2019il se regarde.<\/p>\n<p><a href=\"https:\/\/festival1001notes.com\/agenda\/evenement\/natacha-kudritskaya-couperin-jean-gagnant\">+ d&rsquo;infos<\/a><\/p>\n<p><strong>Programme <\/strong><\/p>\n<p><strong>Fran\u00e7ois Couperin (1668-1733)<\/strong><br \/>\nOmbres errantes<br \/>\nLe point de jour<br \/>\nLe rossignol en almour<br \/>\nCanaries<br \/>\nL\u2019anguille<br \/>\nLe turbulent<br \/>\nTic toc choc<br \/>\nBarricades<br \/>\n\u00c9pineuse<br \/>\nLes lys naissants<br \/>\nLes roseaux<br \/>\nMorinete<br \/>\nLes moulins<br \/>\nLa Couperin<br \/>\nLa tendre fanchon<br \/>\nLa Bandoline<br \/>\nLa flore<br \/>\nL\u2019ang\u00e9lique<br \/>\nLes agr\u00e9ments<br \/>\nLes Ondes<br \/>\nLe dodo<br \/>\nL\u2019amphibie<\/p>\n","protected":false},"excerpt":{"rendered":"<p>Mardi 5 mai 2026 \u00e0 20h\u00a0 \u00a0 \u00a0Tarifs Passeport culturel -10% \u2013 Etudiants 15 euros CCM J.Gagnant Un concert o\u00f9 l\u2019image et le son se rencontrent. Et si un concert devenait un voyage ? La pianiste Natacha Kudritskaya nous invite dans un monde o\u00f9 Couperin rencontre th\u00e9\u00e2tre d\u2019ombres, vid\u00e9o et po\u00e9sie visuelle. Form\u00e9e \u00e0 Kyiv [&hellip;]<\/p>\n","protected":false},"author":373,"featured_media":15218,"comment_status":"closed","ping_status":"closed","sticky":false,"template":"","format":"standard","meta":{"footnotes":""},"categories":[27],"tags":[],"class_list":["post-15217","post","type-post","status-publish","format-standard","has-post-thumbnail","hentry","category-concert"],"_links":{"self":[{"href":"https:\/\/www.unilim.fr\/culture\/wp-json\/wp\/v2\/posts\/15217","targetHints":{"allow":["GET"]}}],"collection":[{"href":"https:\/\/www.unilim.fr\/culture\/wp-json\/wp\/v2\/posts"}],"about":[{"href":"https:\/\/www.unilim.fr\/culture\/wp-json\/wp\/v2\/types\/post"}],"author":[{"embeddable":true,"href":"https:\/\/www.unilim.fr\/culture\/wp-json\/wp\/v2\/users\/373"}],"replies":[{"embeddable":true,"href":"https:\/\/www.unilim.fr\/culture\/wp-json\/wp\/v2\/comments?post=15217"}],"version-history":[{"count":1,"href":"https:\/\/www.unilim.fr\/culture\/wp-json\/wp\/v2\/posts\/15217\/revisions"}],"predecessor-version":[{"id":15219,"href":"https:\/\/www.unilim.fr\/culture\/wp-json\/wp\/v2\/posts\/15217\/revisions\/15219"}],"wp:featuredmedia":[{"embeddable":true,"href":"https:\/\/www.unilim.fr\/culture\/wp-json\/wp\/v2\/media\/15218"}],"wp:attachment":[{"href":"https:\/\/www.unilim.fr\/culture\/wp-json\/wp\/v2\/media?parent=15217"}],"wp:term":[{"taxonomy":"category","embeddable":true,"href":"https:\/\/www.unilim.fr\/culture\/wp-json\/wp\/v2\/categories?post=15217"},{"taxonomy":"post_tag","embeddable":true,"href":"https:\/\/www.unilim.fr\/culture\/wp-json\/wp\/v2\/tags?post=15217"}],"curies":[{"name":"wp","href":"https:\/\/api.w.org\/{rel}","templated":true}]}}