{"id":15204,"date":"2026-04-26T14:41:12","date_gmt":"2026-04-26T12:41:12","guid":{"rendered":"https:\/\/www.unilim.fr\/culture\/?p=15204"},"modified":"2026-04-26T14:41:12","modified_gmt":"2026-04-26T12:41:12","slug":"ophee-et-eurydice","status":"publish","type":"post","link":"https:\/\/www.unilim.fr\/culture\/2026\/04\/26\/ophee-et-eurydice\/","title":{"rendered":"OPHEE ET EURYDICE"},"content":{"rendered":"<div class=\"elementToProof\"><b>Mardi 5 mai 2026 \u00e0 20h<br \/>\n<\/b><b>Jeudi 7 mai 2026 \u00e0 20h<br \/>\n<\/b><b>Dimanche 10 mai 2026 \u00e0 15h<br \/>\n<\/b><b><\/b><\/div>\n<div><\/div>\n<div class=\"elementToProof\"><b>Grand-Th\u00e9\u00e2tre<\/b><\/div>\n<div>\n<p class=\"elementToProof\">Dimanche 31 mai \u00e0 15h \u00e0 l&rsquo;Op\u00e9ra de Vichy<\/p>\n<\/div>\n<p class=\"elementToProof\"><i>Trag\u00e9die-Op\u00e9ra en 3 actes de Christoph Willibald Gluck<\/i><\/p>\n<p class=\"elementToProof\"><i>Version dite \u00ab de Paris \u00bb<\/i><\/p>\n<p class=\"elementToProof\"><i>Livret de Pierre-Louis Moline d\u2019apr\u00e8s le livret originel en italien de Ranieri de\u2019 Calzabigi (1762)<\/i><\/p>\n<p class=\"elementToProof\"><i>Cr\u00e9\u00e9e le 2 ao\u00fbt 1774 au Th\u00e9\u00e2tre du Palais Royal \u00e0 Paris<\/i><b><i><\/i><\/b><\/p>\n<div class=\"elementToProof\"><i>Nouvelle Production cr\u00e9\u00e9e \u00e0 l&rsquo;Op\u00e9ra de Limoges<\/i><\/div>\n<div class=\"elementToProof\"><i>Direction musicale: <\/i><b><i>Sammy El Ghadab<\/i><\/b><\/div>\n<div class=\"elementToProof\"><i>Mise en sc\u00e8ne, sc\u00e9nographie et costumes: <\/i><b><i>Pierre-Andr\u00e9 Weitz<\/i><\/b><\/div>\n<div class=\"elementToProof\"><b><i>Cyrille Dubois<\/i><\/b><i>, Orph\u00e9e\/<\/i><b><i>Chiara Skerath,<\/i><\/b><i>Eurydice\/<\/i><b><i>Emmanuelle de Negri<\/i><\/b><i>, L&rsquo;Amour<\/i><\/div>\n<div class=\"elementToProof\"><i>Orchestre symphonique de l&rsquo;Op\u00e9ra de Limoges Nouvelle Aquitaine.<\/i><\/div>\n<div class=\"elementToProof\"><i>Choeur de l&rsquo;Op\u00e9ra de Limoges.<\/i><\/div>\n<div class=\"elementToProof\"><b><i>Fabrication des d\u00e9cors et des costumes par les Ateliers de l&rsquo;Op\u00e9ra de Limoges.<\/i><\/b><\/div>\n<p class=\"elementToProof\"><i>Production d\u00e9l\u00e9gu\u00e9e : Op\u00e9ra de Limoges<\/i><\/p>\n<p class=\"elementToProof\"><i>Coproduction : Th\u00e9\u00e2tre du Ch\u00e2telet<\/i><\/p>\n<p class=\"elementToProof\"><i>En partenariat avec l&rsquo;Op\u00e9ra de Vichy<\/i><\/p>\n<div class=\"elementToProof\"><\/div>\n<div class=\"elementToProof\"><\/div>\n<div class=\"elementToProof\"><b><i>Orph\u00e9e, accabl\u00e9 par la mort de sa jeune \u00e9pouse Eurydice, chante son infinie tristesse.<\/i><\/b><\/div>\n<div class=\"elementToProof\"><i>Sa musique touche les puissances infernales, qui l\u2019autorisent \u00e0 ramener Eurydice dans le monde des vivants. Mais, presque arriv\u00e9, il ne peut s\u2019emp\u00eacher de regarder derri\u00e8re lui\u2026<\/i><\/div>\n<div class=\"elementToProof\">Cette nouvelle production de l&rsquo;Op\u00e9ra de Limoges, servie par des interpr\u00e8tes de premier ordre, respecte absolument l\u2019\u0153uvre originelle, tout en nous offrant le d\u00e9fil\u00e9 des souvenirs d\u2019Orph\u00e9e dans un contexte plus contemporain, que l\u2019on d\u00e9couvre fort \u00e2g\u00e9 pour redevenir de plus en plus jeune.<\/div>\n<div class=\"elementToProof\">Une \u0153uvre majeure qui nous enseigne qu\u2019il est pr\u00e9f\u00e9rable d\u2019aller de l\u2019avant, \u00ab\u00a0fort de tout l&rsquo;amour que l&rsquo;on a re\u00e7u et que l&rsquo;on va redonner\u00a0\u00bb Pierre-Andr\u00e9 Weitz.<\/div>\n<div class=\"elementToProof\"><i>Soulignons que le r\u00f4le d&rsquo;Orph\u00e9e sera une prise de r\u00f4le pour le t\u00e9nor, Cyrille Dubois.<\/i><\/div>\n<div class=\"elementToProof\"><\/div>\n<div><a href=\"https:\/\/filesender.renater.fr\/?s=download&amp;token=cdb5f099-8371-4e90-9a6a-120ac3455e83\">+d&rsquo;infos<\/a><\/div>\n","protected":false},"excerpt":{"rendered":"<p>Mardi 5 mai 2026 \u00e0 20h Jeudi 7 mai 2026 \u00e0 20h Dimanche 10 mai 2026 \u00e0 15h Grand-Th\u00e9\u00e2tre Dimanche 31 mai \u00e0 15h \u00e0 l&rsquo;Op\u00e9ra de Vichy Trag\u00e9die-Op\u00e9ra en 3 actes de Christoph Willibald Gluck Version dite \u00ab de Paris \u00bb Livret de Pierre-Louis Moline d\u2019apr\u00e8s le livret originel en italien de Ranieri de\u2019 [&hellip;]<\/p>\n","protected":false},"author":373,"featured_media":15205,"comment_status":"closed","ping_status":"closed","sticky":false,"template":"","format":"standard","meta":{"footnotes":""},"categories":[1],"tags":[398],"class_list":["post-15204","post","type-post","status-publish","format-standard","has-post-thumbnail","hentry","category-actualite","tag-opera"],"_links":{"self":[{"href":"https:\/\/www.unilim.fr\/culture\/wp-json\/wp\/v2\/posts\/15204","targetHints":{"allow":["GET"]}}],"collection":[{"href":"https:\/\/www.unilim.fr\/culture\/wp-json\/wp\/v2\/posts"}],"about":[{"href":"https:\/\/www.unilim.fr\/culture\/wp-json\/wp\/v2\/types\/post"}],"author":[{"embeddable":true,"href":"https:\/\/www.unilim.fr\/culture\/wp-json\/wp\/v2\/users\/373"}],"replies":[{"embeddable":true,"href":"https:\/\/www.unilim.fr\/culture\/wp-json\/wp\/v2\/comments?post=15204"}],"version-history":[{"count":1,"href":"https:\/\/www.unilim.fr\/culture\/wp-json\/wp\/v2\/posts\/15204\/revisions"}],"predecessor-version":[{"id":15206,"href":"https:\/\/www.unilim.fr\/culture\/wp-json\/wp\/v2\/posts\/15204\/revisions\/15206"}],"wp:featuredmedia":[{"embeddable":true,"href":"https:\/\/www.unilim.fr\/culture\/wp-json\/wp\/v2\/media\/15205"}],"wp:attachment":[{"href":"https:\/\/www.unilim.fr\/culture\/wp-json\/wp\/v2\/media?parent=15204"}],"wp:term":[{"taxonomy":"category","embeddable":true,"href":"https:\/\/www.unilim.fr\/culture\/wp-json\/wp\/v2\/categories?post=15204"},{"taxonomy":"post_tag","embeddable":true,"href":"https:\/\/www.unilim.fr\/culture\/wp-json\/wp\/v2\/tags?post=15204"}],"curies":[{"name":"wp","href":"https:\/\/api.w.org\/{rel}","templated":true}]}}