{"id":15199,"date":"2026-04-26T14:28:35","date_gmt":"2026-04-26T12:28:35","guid":{"rendered":"https:\/\/www.unilim.fr\/culture\/?p=15199"},"modified":"2026-04-26T14:28:35","modified_gmt":"2026-04-26T12:28:35","slug":"finale-eloquentia-2","status":"publish","type":"post","link":"https:\/\/www.unilim.fr\/culture\/2026\/04\/26\/finale-eloquentia-2\/","title":{"rendered":"FINALE ELOQUENTIA"},"content":{"rendered":"<p>Mardi 05 mai 2026 \u00e0 18h30<br \/>\nTh\u00e9\u00e2tre de l\u2019Union<\/p>\n<p>Le Th\u00e9\u00e2tre de l&rsquo;union ouvre ses portes \u00e0 une soir\u00e9e o\u00f9 l\u2019art prend vie.<\/p>\n<p>Ici, les mots deviennent des pinceaux, les silences sculptent les \u00e9motions, et chaque discours est une \u0153uvre.<\/p>\n<p>Le th\u00e8me : l\u2019art.<br \/>\nL\u2019arme : la parole.<br \/>\nLa sc\u00e8ne : un espace de cr\u00e9ation.<\/p>\n<p>Les finalistes monteront sur sc\u00e8ne pour une finale d\u2019exception, o\u00f9 l\u2019\u00e9loquence se transforme en performance artistique.<\/p>\n<p>Places gratuites mais limit\u00e9es !<br \/>\nViens d\u00e9couvrir les talents qui feront vibrer le public et laisse-toi emporter par cette c\u00e9l\u00e9bration de l\u2019art sous toutes ses formes.<\/p>\n<p>Ne manque pas ce moment unique.<br \/>\n\ud83d\udc49 <a href=\"http:\/\/forms.gle\/XJgdbXTAa8KspUkq9\">R\u00e9serve ta place d\u00e8s maintenant.<\/a><\/p>\n<p>&nbsp;<\/p>\n<p><a href=\"https:\/\/www.unilim.fr\/culture\/wp-content\/uploads\/sites\/17\/2026\/04\/670001666_18432193939137342_7905127828986617745_n-1.jpg\"><img loading=\"lazy\" decoding=\"async\" class=\"aligncenter wp-image-15200 size-full\" src=\"https:\/\/www.unilim.fr\/culture\/wp-content\/uploads\/sites\/17\/2026\/04\/670001666_18432193939137342_7905127828986617745_n-1.jpg\" alt=\"\" width=\"1350\" height=\"1687\" srcset=\"https:\/\/www.unilim.fr\/culture\/wp-content\/uploads\/sites\/17\/2026\/04\/670001666_18432193939137342_7905127828986617745_n-1.jpg 1350w, https:\/\/www.unilim.fr\/culture\/wp-content\/uploads\/sites\/17\/2026\/04\/670001666_18432193939137342_7905127828986617745_n-1-240x300.jpg 240w, https:\/\/www.unilim.fr\/culture\/wp-content\/uploads\/sites\/17\/2026\/04\/670001666_18432193939137342_7905127828986617745_n-1-819x1024.jpg 819w, https:\/\/www.unilim.fr\/culture\/wp-content\/uploads\/sites\/17\/2026\/04\/670001666_18432193939137342_7905127828986617745_n-1-768x960.jpg 768w, https:\/\/www.unilim.fr\/culture\/wp-content\/uploads\/sites\/17\/2026\/04\/670001666_18432193939137342_7905127828986617745_n-1-1229x1536.jpg 1229w\" sizes=\"auto, (max-width: 1350px) 100vw, 1350px\" \/><\/a><\/p>\n","protected":false},"excerpt":{"rendered":"<p>Mardi 05 mai 2026 \u00e0 18h30 Th\u00e9\u00e2tre de l\u2019Union Le Th\u00e9\u00e2tre de l&rsquo;union ouvre ses portes \u00e0 une soir\u00e9e o\u00f9 l\u2019art prend vie. Ici, les mots deviennent des pinceaux, les silences sculptent les \u00e9motions, et chaque discours est une \u0153uvre. Le th\u00e8me : l\u2019art. L\u2019arme : la parole. La sc\u00e8ne : un espace de cr\u00e9ation. [&hellip;]<\/p>\n","protected":false},"author":373,"featured_media":15201,"comment_status":"closed","ping_status":"closed","sticky":false,"template":"","format":"standard","meta":{"footnotes":""},"categories":[1],"tags":[],"class_list":["post-15199","post","type-post","status-publish","format-standard","has-post-thumbnail","hentry","category-actualite"],"_links":{"self":[{"href":"https:\/\/www.unilim.fr\/culture\/wp-json\/wp\/v2\/posts\/15199","targetHints":{"allow":["GET"]}}],"collection":[{"href":"https:\/\/www.unilim.fr\/culture\/wp-json\/wp\/v2\/posts"}],"about":[{"href":"https:\/\/www.unilim.fr\/culture\/wp-json\/wp\/v2\/types\/post"}],"author":[{"embeddable":true,"href":"https:\/\/www.unilim.fr\/culture\/wp-json\/wp\/v2\/users\/373"}],"replies":[{"embeddable":true,"href":"https:\/\/www.unilim.fr\/culture\/wp-json\/wp\/v2\/comments?post=15199"}],"version-history":[{"count":1,"href":"https:\/\/www.unilim.fr\/culture\/wp-json\/wp\/v2\/posts\/15199\/revisions"}],"predecessor-version":[{"id":15202,"href":"https:\/\/www.unilim.fr\/culture\/wp-json\/wp\/v2\/posts\/15199\/revisions\/15202"}],"wp:featuredmedia":[{"embeddable":true,"href":"https:\/\/www.unilim.fr\/culture\/wp-json\/wp\/v2\/media\/15201"}],"wp:attachment":[{"href":"https:\/\/www.unilim.fr\/culture\/wp-json\/wp\/v2\/media?parent=15199"}],"wp:term":[{"taxonomy":"category","embeddable":true,"href":"https:\/\/www.unilim.fr\/culture\/wp-json\/wp\/v2\/categories?post=15199"},{"taxonomy":"post_tag","embeddable":true,"href":"https:\/\/www.unilim.fr\/culture\/wp-json\/wp\/v2\/tags?post=15199"}],"curies":[{"name":"wp","href":"https:\/\/api.w.org\/{rel}","templated":true}]}}